{"id":795,"date":"2021-06-15T13:57:14","date_gmt":"2021-06-15T17:57:14","guid":{"rendered":"http:\/\/franco-fete.ca\/?p=795"},"modified":"2021-06-15T14:08:03","modified_gmt":"2021-06-15T18:08:03","slug":"une-38e-edition-reussie-pour-la-franco-fete-de-toronto","status":"publish","type":"post","link":"https:\/\/franco-fete.ca\/en\/medias-en\/une-38e-edition-reussie-pour-la-franco-fete-de-toronto\/","title":{"rendered":"Une 38e \u00e9dition r\u00e9ussie pour la Franco-F\u00eate de Toronto"},"content":{"rendered":"<h5><span class=\"rose\" style=\"font-weight: 400;\">28 ao\u00fbt 2020<\/span><\/h5>\n<p>&nbsp;<\/p>\n<p>La Franco-F\u00eate de Toronto est fi\u00e8re du succ\u00e8s qu\u2019a connu sa 38e \u00e9dition diffus\u00e9e en ligne cette ann\u00e9e du 21 au 23 ao\u00fbt ayant pour th\u00e8me Clin d\u2019\u0153il \u00e0 Ha\u00efti.<\/p>\n<p>Pr\u00e8s de 6 000 personnes ont assist\u00e9 aux spectacles du festival au courant de la fin de semaine. Un chiffre qui d\u00e9passe les attentes de l\u2019organisation pour la diffusion de cet \u00e9v\u00e9nement sur le Web.<\/p>\n<p>\u00ab On ne s\u2019attendait pas \u00e0 un tel succ\u00e8s. Comme bien des organisateurs d\u2019\u00e9v\u00e9nements, c\u2019\u00e9tait une premi\u00e8re pour nous de faire des spectacles en ligne. Malgr\u00e9 cela, le taux de participation d\u00e9montre clairement que nous avons d\u00e9pass\u00e9 les fronti\u00e8res du Grand Toronto et fait conna\u00eetre la Franco-F\u00eate m\u00eame jusque dans les Antilles gr\u00e2ce \u00e0 la port\u00e9e du Web. Je suis tr\u00e8s heureux que nous ayons pu mettre du soleil dans autant de maisonn\u00e9es cet \u00e9t\u00e9 \u00bb, raconte Michel-Olivier Matte, directeur g\u00e9n\u00e9ral de l\u2019organisation.<\/p>\n<p>Bien entendu, cette \u00e9dition de la Franco-F\u00eate de Toronto n\u2019aurait pas \u00e9t\u00e9 possible sans l\u2019appui, la participation et la collaboration des nombreux partenaires qui ont cru au projet et ont soutenu l\u2019organisation dans sa d\u00e9marche : La Soci\u00e9t\u00e9 des loteries et des jeux de l\u2019Ontario (OLG), Unis Tv, L\u2019Association des enseignants et enseignantes franco-ontariens (AEFO), Patrimoine canadien, F\u00eatons l\u2019Ontario 2020, Le Conseil des arts de l\u2019Ontario, Ontario Cr\u00e9atif, La Ville de Toronto, l\u2019-express.ca, Le Journal Le M\u00e9tropolitain, CHOQ fm 105,1 et GrandToronto.ca.<\/p>\n<p>\u00ab Il y avait une \u00e9nergie bien sp\u00e9ciale tout au long de la planification de l\u2019\u00e9v\u00e9nement. De nous remettre au travail \u00e0 faire ce que l\u2019on aime le plus au monde, c\u2019est quand m\u00eame sp\u00e9cial dans un contexte comme celui que l\u2019on vit pr\u00e9sentement. Tant les partenaires que l\u2019\u00e9quipe de planification \u00e9taient tr\u00e8s excit\u00e9s d\u2019enfin pouvoir travailler sur cet \u00e9v\u00e9nement qui aura \u00e9t\u00e9 l\u2019un des plus rassembleur de l\u2019\u00e9t\u00e9 \u00bb, conclu M. Matte.<\/p>\n","protected":false},"excerpt":{"rendered":"<p>28 ao\u00fbt 2020 &nbsp; La Franco-F\u00eate de Toronto est fi\u00e8re du succ\u00e8s qu\u2019a connu sa 38e \u00e9dition diffus\u00e9e en ligne cette ann\u00e9e du 21 au 23 ao\u00fbt ayant pour th\u00e8me Clin d\u2019\u0153il \u00e0 Ha\u00efti. Pr\u00e8s de 6 000 personnes ont assist\u00e9 aux spectacles du festival au courant de la fin de semaine. Un chiffre qui&hellip;<\/p>\n","protected":false},"author":1,"featured_media":793,"comment_status":"open","ping_status":"open","sticky":false,"template":"","format":"standard","meta":{"_acf_changed":false,"footnotes":""},"categories":[9],"tags":[],"class_list":["post-795","post","type-post","status-publish","format-standard","has-post-thumbnail","hentry","category-medias-en","entry"],"acf":[],"_links":{"self":[{"href":"https:\/\/franco-fete.ca\/en\/wp-json\/wp\/v2\/posts\/795","targetHints":{"allow":["GET"]}}],"collection":[{"href":"https:\/\/franco-fete.ca\/en\/wp-json\/wp\/v2\/posts"}],"about":[{"href":"https:\/\/franco-fete.ca\/en\/wp-json\/wp\/v2\/types\/post"}],"author":[{"embeddable":true,"href":"https:\/\/franco-fete.ca\/en\/wp-json\/wp\/v2\/users\/1"}],"replies":[{"embeddable":true,"href":"https:\/\/franco-fete.ca\/en\/wp-json\/wp\/v2\/comments?post=795"}],"version-history":[{"count":2,"href":"https:\/\/franco-fete.ca\/en\/wp-json\/wp\/v2\/posts\/795\/revisions"}],"predecessor-version":[{"id":807,"href":"https:\/\/franco-fete.ca\/en\/wp-json\/wp\/v2\/posts\/795\/revisions\/807"}],"wp:featuredmedia":[{"embeddable":true,"href":"https:\/\/franco-fete.ca\/en\/wp-json\/wp\/v2\/media\/793"}],"wp:attachment":[{"href":"https:\/\/franco-fete.ca\/en\/wp-json\/wp\/v2\/media?parent=795"}],"wp:term":[{"taxonomy":"category","embeddable":true,"href":"https:\/\/franco-fete.ca\/en\/wp-json\/wp\/v2\/categories?post=795"},{"taxonomy":"post_tag","embeddable":true,"href":"https:\/\/franco-fete.ca\/en\/wp-json\/wp\/v2\/tags?post=795"}],"curies":[{"name":"wp","href":"https:\/\/api.w.org\/{rel}","templated":true}]}}